{"id":771,"date":"2017-11-29T12:25:16","date_gmt":"2017-11-29T14:25:16","guid":{"rendered":"https:\/\/hospitalmed.com.br\/portal\/?p=771"},"modified":"2017-11-29T00:30:53","modified_gmt":"2017-11-29T02:30:53","slug":"inscricoes-abertas-para-a-v-jornada-de-emergencias-psiquiatricas","status":"publish","type":"post","link":"https:\/\/hospitalmed.com.br\/portal\/2017\/11\/inscricoes-abertas-para-a-v-jornada-de-emergencias-psiquiatricas\/","title":{"rendered":"Inscri\u00e7\u00f5es abertas para a V Jornada de Emerg\u00eancias Psiqui\u00e1tricas"},"content":{"rendered":"<p>Est&atilde;o abertas as inscri&ccedil;&otilde;es para a V Jornada Nacional de Emerg&ecirc;ncias Psiqui&aacute;tricas da Associa&ccedil;&atilde;o Brasileira de Psiquiatria. A quinta edi&ccedil;&atilde;o do evento acontece nos dias 16 e 17 de mar&ccedil;o de 2018, no Centro de Conven&ccedil;&otilde;es Frei Caneca, em S&atilde;o Paulo. O evento concede dez pontos para a Prova de T&iacute;tulo de Especialista em Psiquiatria AMB\/ABP.<\/p>\n<p>Coordenador da Comiss&atilde;o de Emerg&ecirc;ncias Psiqui&aacute;tricas da ABP, o Dr. Leonardo Balda&ccedil;ara explica que as emerg&ecirc;ncias psiqui&aacute;tricas, apesar de situa&ccedil;&otilde;es frequentes, ainda apresentam dificuldades aos profissionais na &ldquo;abordagem efetivas desses casos, seja por falta de treinamento, seja por falta de condi&ccedil;&otilde;es adequadas oferecidas pelo sistema de sa&uacute;de. A Jornada tem o intuito de discutir as principais medidas baseadas em evid&ecirc;ncias cient&iacute;ficas na abordagem dos transtornos psiqui&aacute;tricos em emerg&ecirc;ncias&rdquo;.<\/p>\n<p>Na programa&ccedil;&atilde;o preliminar, j&aacute; est&atilde;o agendadas confer&ecirc;ncias e mesas redondas voltadas para o tema, abrangendo os seguintes assuntos:<\/p>\n<ul>\n<li>Sa&uacute;de mental e emerg&ecirc;ncias na popula&ccedil;&atilde;o carcer&aacute;ria;<\/li>\n<li>Comportamento suicida e setembro amarelo;<\/li>\n<li>Psicofobia nas emerg&ecirc;ncias;<\/li>\n<li>Emerg&ecirc;ncias e abuso de subst&acirc;ncias;<\/li>\n<li>T&eacute;cnicas psicoter&aacute;picas nas emerg&ecirc;ncias e muito mais.<\/li>\n<\/ul>\n<p>&ldquo;Ser&atilde;o discutidos temas das situa&ccedil;&otilde;es mais frequentes que o psiquiatra e outros profissionais da sa&uacute;de podem se deparar na pr&aacute;tica di&aacute;ria, mas com enfoque na Medicina Baseada Evid&ecirc;ncias, ou seja, as condutas mais apropriadas e embasadas cientificamente&rdquo;, destaca o Dr. Balda&ccedil;ara acerca dos conte&uacute;dos selecionados.<\/p>\n<p>&ldquo;A Comiss&atilde;o de Emerg&ecirc;ncias Psiqui&aacute;tricas da ABP convida os associados, sejam eles psiquiatras ou residentes, a participarem desta 5a edi&ccedil;&atilde;o, que tem estado cada vez melhor. Teremos novos temas e p&uacute;blico pode ainda interagir com os palestrantes, tirar suas d&uacute;vidas e ainda fazer sugest&otilde;es para as futuras jornadas&rdquo;, finaliza.<\/p>\n<p>Acesse a programa&ccedil;&atilde;o preliminar do evento&nbsp;<a href=\"http:\/\/www.abp.org.br\/portal\/v-jornada-nacional-de-emergencias-psiquiatricas\/\">aqui<\/a>.<\/p>\n","protected":false},"excerpt":{"rendered":"<p>Est&atilde;o abertas as inscri&ccedil;&otilde;es para a V Jornada Nacional de Emerg&ecirc;ncias Psiqui&aacute;tricas da Associa&ccedil;&atilde;o Brasileira de Psiquiatria. A quinta edi&ccedil;&atilde;o do evento acontece nos dias 16 e 17 de mar&ccedil;o de 2018, no Centro de Conven&ccedil;&otilde;es Frei Caneca, em S&atilde;o Paulo. O evento concede dez pontos para a Prova de T&iacute;tulo de Especialista em Psiquiatria [&hellip;]<\/p>\n","protected":false},"author":1,"featured_media":772,"comment_status":"open","ping_status":"open","sticky":false,"template":"","format":"standard","meta":{"footnotes":""},"categories":[8],"tags":[],"class_list":["post-771","post","type-post","status-publish","format-standard","has-post-thumbnail","hentry","category-eventos"],"_links":{"self":[{"href":"https:\/\/hospitalmed.com.br\/portal\/wp-json\/wp\/v2\/posts\/771","targetHints":{"allow":["GET"]}}],"collection":[{"href":"https:\/\/hospitalmed.com.br\/portal\/wp-json\/wp\/v2\/posts"}],"about":[{"href":"https:\/\/hospitalmed.com.br\/portal\/wp-json\/wp\/v2\/types\/post"}],"author":[{"embeddable":true,"href":"https:\/\/hospitalmed.com.br\/portal\/wp-json\/wp\/v2\/users\/1"}],"replies":[{"embeddable":true,"href":"https:\/\/hospitalmed.com.br\/portal\/wp-json\/wp\/v2\/comments?post=771"}],"version-history":[{"count":1,"href":"https:\/\/hospitalmed.com.br\/portal\/wp-json\/wp\/v2\/posts\/771\/revisions"}],"predecessor-version":[{"id":773,"href":"https:\/\/hospitalmed.com.br\/portal\/wp-json\/wp\/v2\/posts\/771\/revisions\/773"}],"wp:featuredmedia":[{"embeddable":true,"href":"https:\/\/hospitalmed.com.br\/portal\/wp-json\/wp\/v2\/media\/772"}],"wp:attachment":[{"href":"https:\/\/hospitalmed.com.br\/portal\/wp-json\/wp\/v2\/media?parent=771"}],"wp:term":[{"taxonomy":"category","embeddable":true,"href":"https:\/\/hospitalmed.com.br\/portal\/wp-json\/wp\/v2\/categories?post=771"},{"taxonomy":"post_tag","embeddable":true,"href":"https:\/\/hospitalmed.com.br\/portal\/wp-json\/wp\/v2\/tags?post=771"}],"curies":[{"name":"wp","href":"https:\/\/api.w.org\/{rel}","templated":true}]}}